{"id":3745,"date":"2018-04-30T10:19:49","date_gmt":"2018-04-30T10:19:49","guid":{"rendered":"http:\/\/ospitalia.org\/?p=3745"},"modified":"2020-07-20T10:34:06","modified_gmt":"2020-07-20T10:34:06","slug":"una-didattica-da-vedere-la-mostra-della-scuola-di-stresa-debutta-a-levico-terme","status":"publish","type":"post","link":"https:\/\/ospitalia.org\/index.php\/2018\/04\/30\/una-didattica-da-vedere-la-mostra-della-scuola-di-stresa-debutta-a-levico-terme\/","title":{"rendered":"Una Didattica da Vedere. La mostra della \u201cScuola di Stresa\u201d debutta a Levico Terme"},"content":{"rendered":"<p class=\"p1\" style=\"text-align: left;\">Quattro giorni di trasferta a Levico Terme (TN) per un piccolo gruppo di studenti e insegnanti della \u201c<b>Scuola di Stresa<\/b>\u201d, che dal 22 al 25 aprile 2018 hanno rappresentato l\u2019<b>Istituto \u201cErminio Maggia<\/b><span class=\"s2\">\u201d <\/span>in occasione del secondo convegno di <strong><span class=\"s2\">Ospitalia<\/span><\/strong>, movimento culturale per la conservazione e lo sviluppo dell\u2019ospitalit\u00e0 in Italia. Gli incontri si sono svolti all\u2019interno del Parco Asburgico di Levico Terme in concomitanza con Ortinparco, un festival locale dedicato all\u2019esposizione e alla vendita di piante da giardino.<\/p>\n<p class=\"p1\" style=\"text-align: left;\">Il \u201cMaggia\u201d ha presenziato alla manifestazione come ospite d\u2019onore su invito del prof. Federico Samaden, fondatore di Ospitalia, Dirigente Scolastico dell\u2019Istituto Alberghiero Trentino di Rovereto e Levico Terme e ideatore di Hotel and Tourism Campus. A fare da portavoce \u00e8 stata una delegazione composta da alcuni studenti del terzo anno del corso Tecnico per il Turismo \u2013 Laura Albanese, Lorenzo Appetito, Emilie Bogo, Martina Miglioranza, Adriana Nelson \u2013 e da tre insegnanti \u2013 la prof.ssa Immacolata Battista (storia dell\u2019arte), il prof. Luca Dal Grande (italiano e storia) e il prof. Riccardo Fava Camillo<span class=\"s2\"> (in veste di Presidente HOSPES). <\/span><\/p>\n<p class=\"p1\" style=\"text-align: left;\">Durante il convegno la \u201cScuola di Stresa\u201d \u00e8 intervenuta sia per festeggiare l\u2019ottantesimo anniversario di fondazione, sia per inaugurare una mostra dal titolo &#8220;Il potere delle immagini&#8221;. Oggetto dell\u2019esposizione sono state alcune riproduzioni delle Tavole del Capitano Ricci: si tratta di una serie di tempere su tavola, realizzate a partire dal 1947 da Pietro Ricci, ufficiale della marina mercantile che per un certo periodo visse a Stresa. Le preziose indicazioni fornite da esperti del settore alberghiero (tra cui il preside dell\u2019istituto, Albano Mainardi, e il giornalista Igino Ambrosini) e l\u2019innovativa abilit\u00e0 grafica di Pietro Ricci diedero vita a una sessantina di immagini \u2013 diapositive, diremmo oggi \u2013 che con immediato impatto visivo trasmettono i contenuti essenziali del \u201cPrimo corso libero\u201d e \u201csistematico di lezioni di materia turistica realizzato in Italia\u201d (cos\u00ec recita la prima delle tavole, intitolata Galleria).<\/p>\n<p class=\"p1\" style=\"text-align: left;\">La mostra, introdotta durante il convegno dal prof. Fava, \u00e8 stata inaugurata alle ore 12.30 di luned\u00ec 23 aprile alla presenza del professor Samaden e di altre autorit\u00e0, e ha contato numerosi visitatori, tra i quali Michele Dallapiccola (assessore all&#8217;agricoltura, foreste, turismo e promozione, caccia e pesca per la Provincia di Trento), il noto albergatore trentino Michil Costa, la dott.ssa Anna Maria Zilli (presidente della Rete Nazionale Istituti Alberghieri), gli studenti del luogo, i partecipanti al convegno e vari turisti.<\/p>\n<p class=\"p1\" style=\"text-align: left;\">Moltissimi sono stati gli apprezzamenti positivi, sia per la qualit\u00e0 della mostra, curata dal grafico vercellese Guido Tassini (da anni prezioso collaboratore della \u201cScuola\u201d), sia per il servizio svolto dagli studenti stresiani, che con la consueta professionalit\u00e0 e cortesia hanno accolto gli ospiti e li hanno guidati all\u2019interno del percorso iconografico.<\/p>\n<p class=\"p1\" style=\"text-align: left;\">Al rientro da questa esperienza, impegnativa e formativa al tempo stesso, la \u201cScuola di Stresa\u201d porta con s\u00e9 nuovi legami stretti anzitutto con gli studenti e gli insegnanti dell\u2019Istituto Alberghiero di Levico Terme; nonch\u00e9 con vari rappresentanti di istituzioni scolastiche (italiane e non), i quali hanno mostrato interesse per l\u2019esposizione che sperano di poter replicare nei rispettivi luoghi di provenienza.<\/p>\n<p class=\"p1\" style=\"text-align: left;\">\n","protected":false},"excerpt":{"rendered":"<p>Quattro giorni di trasferta a Levico Terme (TN) per un piccolo gruppo di studenti e insegnanti della \u201cScuola di Stresa\u201d, che dal 22 al 25 aprile 2018 hanno rappresentato l\u2019Istituto \u201cErminio Maggia\u201d in occasione del secondo convegno di Ospitalia, movimento culturale per la conservazione e lo sviluppo dell\u2019ospitalit\u00e0 in Italia. Gli incontri si sono svolti [&hellip;]<\/p>\n","protected":false},"author":4,"featured_media":3747,"comment_status":"closed","ping_status":"closed","sticky":false,"template":"","format":"standard","meta":[],"categories":[7,29],"tags":[35,25],"yoast_head":"<!-- This site is optimized with the Yoast SEO plugin v15.9.2 - https:\/\/yoast.com\/wordpress\/plugins\/seo\/ -->\n<title>Una Didattica da Vedere. La mostra della \u201cScuola di Stresa\u201d debutta a Levico Terme - Ospitalia<\/title>\n<link rel=\"canonical\" href=\"https:\/\/ospitalia.org\/index.php\/2018\/04\/30\/una-didattica-da-vedere-la-mostra-della-scuola-di-stresa-debutta-a-levico-terme\/\" \/>\n<meta property=\"og:locale\" content=\"it_IT\" \/>\n<meta property=\"og:type\" content=\"article\" \/>\n<meta property=\"og:title\" content=\"Una Didattica da Vedere. La mostra della \u201cScuola di Stresa\u201d debutta a Levico Terme - Ospitalia\" \/>\n<meta property=\"og:description\" content=\"Quattro giorni di trasferta a Levico Terme (TN) per un piccolo gruppo di studenti e insegnanti della \u201cScuola di Stresa\u201d, che dal 22 al 25 aprile 2018 hanno rappresentato l\u2019Istituto \u201cErminio Maggia\u201d in occasione del secondo convegno di Ospitalia, movimento culturale per la conservazione e lo sviluppo dell\u2019ospitalit\u00e0 in Italia. Gli incontri si sono svolti [&hellip;]\" \/>\n<meta property=\"og:url\" content=\"https:\/\/ospitalia.org\/index.php\/2018\/04\/30\/una-didattica-da-vedere-la-mostra-della-scuola-di-stresa-debutta-a-levico-terme\/\" \/>\n<meta property=\"og:site_name\" content=\"Ospitalia\" \/>\n<meta property=\"article:published_time\" content=\"2018-04-30T10:19:49+00:00\" \/>\n<meta property=\"article:modified_time\" content=\"2020-07-20T10:34:06+00:00\" \/>\n<meta property=\"og:image\" content=\"https:\/\/ospitalia.org\/wp-content\/uploads\/2018\/04\/maggia-420x252-1.jpg\" \/>\n\t<meta property=\"og:image:width\" content=\"420\" \/>\n\t<meta property=\"og:image:height\" content=\"252\" \/>\n<meta name=\"twitter:card\" content=\"summary_large_image\" \/>\n<meta name=\"twitter:label1\" content=\"Tempo di lettura stimato\">\n\t<meta name=\"twitter:data1\" content=\"3 minuti\">\n<script type=\"application\/ld+json\" class=\"yoast-schema-graph\">{\"@context\":\"https:\/\/schema.org\",\"@graph\":[{\"@type\":\"WebSite\",\"@id\":\"https:\/\/ospitalia.org\/index.php\/en\/ospitalia-en\/#website\",\"url\":\"https:\/\/ospitalia.org\/index.php\/en\/ospitalia-en\/\",\"name\":\"Ospitalia\",\"description\":\"\",\"potentialAction\":[{\"@type\":\"SearchAction\",\"target\":\"https:\/\/ospitalia.org\/index.php\/en\/ospitalia-en\/?s={search_term_string}\",\"query-input\":\"required name=search_term_string\"}],\"inLanguage\":\"it-IT\"},{\"@type\":\"ImageObject\",\"@id\":\"https:\/\/ospitalia.org\/index.php\/2018\/04\/30\/una-didattica-da-vedere-la-mostra-della-scuola-di-stresa-debutta-a-levico-terme\/#primaryimage\",\"inLanguage\":\"it-IT\",\"url\":\"https:\/\/ospitalia.org\/wp-content\/uploads\/2018\/04\/maggia-420x252-1.jpg\",\"width\":420,\"height\":252},{\"@type\":\"WebPage\",\"@id\":\"https:\/\/ospitalia.org\/index.php\/2018\/04\/30\/una-didattica-da-vedere-la-mostra-della-scuola-di-stresa-debutta-a-levico-terme\/#webpage\",\"url\":\"https:\/\/ospitalia.org\/index.php\/2018\/04\/30\/una-didattica-da-vedere-la-mostra-della-scuola-di-stresa-debutta-a-levico-terme\/\",\"name\":\"Una Didattica da Vedere. La mostra della \\u201cScuola di Stresa\\u201d debutta a Levico Terme - Ospitalia\",\"isPartOf\":{\"@id\":\"https:\/\/ospitalia.org\/index.php\/en\/ospitalia-en\/#website\"},\"primaryImageOfPage\":{\"@id\":\"https:\/\/ospitalia.org\/index.php\/2018\/04\/30\/una-didattica-da-vedere-la-mostra-della-scuola-di-stresa-debutta-a-levico-terme\/#primaryimage\"},\"datePublished\":\"2018-04-30T10:19:49+00:00\",\"dateModified\":\"2020-07-20T10:34:06+00:00\",\"author\":{\"@id\":\"https:\/\/ospitalia.org\/index.php\/en\/ospitalia-en\/#\/schema\/person\/2dc2fb164be7045d0c9fdb71ef06c500\"},\"breadcrumb\":{\"@id\":\"https:\/\/ospitalia.org\/index.php\/2018\/04\/30\/una-didattica-da-vedere-la-mostra-della-scuola-di-stresa-debutta-a-levico-terme\/#breadcrumb\"},\"inLanguage\":\"it-IT\",\"potentialAction\":[{\"@type\":\"ReadAction\",\"target\":[\"https:\/\/ospitalia.org\/index.php\/2018\/04\/30\/una-didattica-da-vedere-la-mostra-della-scuola-di-stresa-debutta-a-levico-terme\/\"]}]},{\"@type\":\"BreadcrumbList\",\"@id\":\"https:\/\/ospitalia.org\/index.php\/2018\/04\/30\/una-didattica-da-vedere-la-mostra-della-scuola-di-stresa-debutta-a-levico-terme\/#breadcrumb\",\"itemListElement\":[{\"@type\":\"ListItem\",\"position\":1,\"item\":{\"@type\":\"WebPage\",\"@id\":\"https:\/\/ospitalia.org\/\",\"url\":\"https:\/\/ospitalia.org\/\",\"name\":\"Home\"}},{\"@type\":\"ListItem\",\"position\":2,\"item\":{\"@type\":\"WebPage\",\"@id\":\"https:\/\/ospitalia.org\/index.php\/2018\/04\/30\/una-didattica-da-vedere-la-mostra-della-scuola-di-stresa-debutta-a-levico-terme\/\",\"url\":\"https:\/\/ospitalia.org\/index.php\/2018\/04\/30\/una-didattica-da-vedere-la-mostra-della-scuola-di-stresa-debutta-a-levico-terme\/\",\"name\":\"Una Didattica da Vedere. La mostra della \\u201cScuola di Stresa\\u201d debutta a Levico Terme\"}}]},{\"@type\":\"Person\",\"@id\":\"https:\/\/ospitalia.org\/index.php\/en\/ospitalia-en\/#\/schema\/person\/2dc2fb164be7045d0c9fdb71ef06c500\",\"name\":\"La redazione di Ospitalia\",\"image\":{\"@type\":\"ImageObject\",\"@id\":\"https:\/\/ospitalia.org\/index.php\/en\/ospitalia-en\/#personlogo\",\"inLanguage\":\"it-IT\",\"url\":\"https:\/\/secure.gravatar.com\/avatar\/1e123b1cf7fa55c3e668348eaa30f747?s=96&d=mm&r=g\",\"caption\":\"La redazione di Ospitalia\"}}]}<\/script>\n<!-- \/ Yoast SEO plugin. -->","_links":{"self":[{"href":"https:\/\/ospitalia.org\/index.php\/wp-json\/wp\/v2\/posts\/3745"}],"collection":[{"href":"https:\/\/ospitalia.org\/index.php\/wp-json\/wp\/v2\/posts"}],"about":[{"href":"https:\/\/ospitalia.org\/index.php\/wp-json\/wp\/v2\/types\/post"}],"author":[{"embeddable":true,"href":"https:\/\/ospitalia.org\/index.php\/wp-json\/wp\/v2\/users\/4"}],"replies":[{"embeddable":true,"href":"https:\/\/ospitalia.org\/index.php\/wp-json\/wp\/v2\/comments?post=3745"}],"version-history":[{"count":1,"href":"https:\/\/ospitalia.org\/index.php\/wp-json\/wp\/v2\/posts\/3745\/revisions"}],"predecessor-version":[{"id":3746,"href":"https:\/\/ospitalia.org\/index.php\/wp-json\/wp\/v2\/posts\/3745\/revisions\/3746"}],"wp:featuredmedia":[{"embeddable":true,"href":"https:\/\/ospitalia.org\/index.php\/wp-json\/wp\/v2\/media\/3747"}],"wp:attachment":[{"href":"https:\/\/ospitalia.org\/index.php\/wp-json\/wp\/v2\/media?parent=3745"}],"wp:term":[{"taxonomy":"category","embeddable":true,"href":"https:\/\/ospitalia.org\/index.php\/wp-json\/wp\/v2\/categories?post=3745"},{"taxonomy":"post_tag","embeddable":true,"href":"https:\/\/ospitalia.org\/index.php\/wp-json\/wp\/v2\/tags?post=3745"}],"curies":[{"name":"wp","href":"https:\/\/api.w.org\/{rel}","templated":true}]}}