{"id":3751,"date":"2018-04-20T10:27:22","date_gmt":"2018-04-20T10:27:22","guid":{"rendered":"http:\/\/ospitalia.org\/?p=3751"},"modified":"2020-08-31T14:50:56","modified_gmt":"2020-08-31T14:50:56","slug":"ospitalia-incontra-sanremo-quando-lospitalita-e-il-filo-conduttore-delle-eccellenze-italiane","status":"publish","type":"post","link":"https:\/\/ospitalia.org\/index.php\/2018\/04\/20\/ospitalia-incontra-sanremo-quando-lospitalita-e-il-filo-conduttore-delle-eccellenze-italiane\/","title":{"rendered":"Ospitalia incontra Sanremo: quando l\u2019ospitalit\u00e0 \u00e8 il filo conduttore delle eccellenze italiane"},"content":{"rendered":"<p style=\"text-align: left;\"><strong>Nella giornata di venerd\u00ec 9 febbraio alle 15.30 Ospitalia, nelle figure di Federico Samaden e Stefano Ravelli, sar\u00e0 ospite di Casa Sanremo per parlare di accoglienza e ospitalit\u00e0, valori primi di un Paese, l\u2019Italia, ricco di fascino e attrattivit\u00e0.<\/strong><\/p>\n<p>Casa Sanremo apre le proprie porte ad Ospitalia. Il salotto del Festival della musica italiana sar\u00e0 protagonista dell\u2019incontro tra due realt\u00e0 solo apparentemente lontane, come Ospitalia e Sanremo, ma accomunate da profondi valori quali l\u2019accoglienza e l\u2019ospitalit\u00e0. L\u2019appuntamento \u00e8 fissato per venerd\u00ec 9 febbraio alle 15.30 quando, al cospetto di Donata Manzolillo, saranno presenti Federico Samaden, dirigente dell\u2019Istituto Alberghiero Trentino e Stefano Ravelli, Amministratore Delegato dell\u2019Azienda per il Turismo della Valsugana.<\/p>\n<p>Il Festival di Sanremo, oltre ad essere la pi\u00f9 importante kermesse canora del Paese, \u00e8 senz\u2019altro ed inoltre un momento di aggregazione, condivisione e generosit\u00e0, valori che lo introducono di diritto a far parte dell\u2019ampio progetto nazionale di sviluppo del senso di accoglienza italiana, qual \u00e8 Ospitalia. Quest\u2019ultimo nasce come movimento culturale che ha l\u2019intento di riportare al centro dell\u2019attenzione alcuni valori fondamentali, primo fra tutti, l\u2019ospitalit\u00e0, pilastro sicuro sul quale rifondare l\u2019attrattivit\u00e0 del Belpaese.<\/p>\n<p>Il progetto, nato in Valsugana con il patrocinio della provincia autonoma di Trento e grazie all\u2019impegno dell\u2019Istituto Alberghiero Trentino, dell\u2019APT Valsugana e di Activart Group, ha raggiunto un respiro nazionale in quanto gi\u00e0 diverse sono ad oggi le realt\u00e0 che vi hanno aderito, tra le quali FAI, Zanussi, Rete Renaia (Rete Istituti Alberghieri Italiani), Scuola Centrale di Formazione (rete di istituti professionali), Randstad e molti altri.<br \/>\n\u201cPatrimonio italiano e ricchezza infinita, l\u2019ospitalit\u00e0 \u00e8 il settore da cui partire per rilanciare il Paese, cominciando dalla capacit\u00e0 di accogliere e far stare bene chi arriva \u2013 racconta Federico Samaden, dirigente dell\u2019Istituto Alberghiero Trentino \u2013 E quale migliore figura, se non i nostri giovani, per rilanciare l\u2019Italia? Ad oggi sono oltre 20.000 gli studenti degli istituti alberghieri aderenti al movimento Ospitalia e, grazie ad un costante scambio e confronto con il settore impresa, sono diversi i progetti che portano i nostri ragazzi ad un migliore e pi\u00f9 agevolato ingresso nel mondo del lavoro\u201d.<\/p>\n<p>Un movimento culturale fatto di incontri quotidiani tra i diversi protagonisti del settore, di workshop presso gli istituti aderenti, di confronto con le istituzioni, che proporr\u00e0 nei prossimi mesi un nuovo imperdibile appuntamento: \u201cDopo il primo convegno avvenuto in dicembre \u2013 spiega Stefano Ravelli, Amministratore Delegato dell\u2019APT Valsugana &#8211; siamo lieti di annunciare che, il prossimo 23 e 24 aprile, all\u2019interno della manifestazione Ortinparco, ci sar\u00e0 un secondo appuntamento targato Ospitalia presso il parco di Levico Terme e quello di Roncegno Terme, momento fondamentale nel quale il mondo della formazione, quello delle imprese e quello della cultura avranno la possibilit\u00e0 di confrontarsi sul tema dell\u2019ospitalit\u00e0 dando origine a progetti comuni e di valore per l\u2019intero sistema paese\u201d.<\/p>\n","protected":false},"excerpt":{"rendered":"<p>Nella giornata di venerd\u00ec 9 febbraio alle 15.30 Ospitalia, nelle figure di Federico Samaden e Stefano Ravelli, sar\u00e0 ospite di Casa Sanremo per parlare di accoglienza e ospitalit\u00e0, valori primi di un Paese, l\u2019Italia, ricco di fascino e attrattivit\u00e0. Casa Sanremo apre le proprie porte ad Ospitalia. Il salotto del Festival della musica italiana sar\u00e0 [&hellip;]<\/p>\n","protected":false},"author":4,"featured_media":3754,"comment_status":"closed","ping_status":"closed","sticky":false,"template":"","format":"standard","meta":[],"categories":[7,29],"tags":[],"yoast_head":"<!-- This site is optimized with the Yoast SEO plugin v15.9.2 - https:\/\/yoast.com\/wordpress\/plugins\/seo\/ -->\n<title>Ospitalia incontra Sanremo: quando l\u2019ospitalit\u00e0 \u00e8 il filo conduttore delle eccellenze italiane - Ospitalia<\/title>\n<link rel=\"canonical\" href=\"https:\/\/ospitalia.org\/index.php\/2018\/04\/20\/ospitalia-incontra-sanremo-quando-lospitalita-e-il-filo-conduttore-delle-eccellenze-italiane\/\" \/>\n<meta property=\"og:locale\" content=\"it_IT\" \/>\n<meta property=\"og:type\" content=\"article\" \/>\n<meta property=\"og:title\" content=\"Ospitalia incontra Sanremo: quando l\u2019ospitalit\u00e0 \u00e8 il filo conduttore delle eccellenze italiane - Ospitalia\" \/>\n<meta property=\"og:description\" content=\"Nella giornata di venerd\u00ec 9 febbraio alle 15.30 Ospitalia, nelle figure di Federico Samaden e Stefano Ravelli, sar\u00e0 ospite di Casa Sanremo per parlare di accoglienza e ospitalit\u00e0, valori primi di un Paese, l\u2019Italia, ricco di fascino e attrattivit\u00e0. Casa Sanremo apre le proprie porte ad Ospitalia. Il salotto del Festival della musica italiana sar\u00e0 [&hellip;]\" \/>\n<meta property=\"og:url\" content=\"https:\/\/ospitalia.org\/index.php\/2018\/04\/20\/ospitalia-incontra-sanremo-quando-lospitalita-e-il-filo-conduttore-delle-eccellenze-italiane\/\" \/>\n<meta property=\"og:site_name\" content=\"Ospitalia\" \/>\n<meta property=\"article:published_time\" content=\"2018-04-20T10:27:22+00:00\" \/>\n<meta property=\"article:modified_time\" content=\"2020-08-31T14:50:56+00:00\" \/>\n<meta property=\"og:image\" content=\"https:\/\/ospitalia.org\/wp-content\/uploads\/2018\/04\/images.jpg\" \/>\n\t<meta property=\"og:image:width\" content=\"256\" \/>\n\t<meta property=\"og:image:height\" content=\"197\" \/>\n<meta name=\"twitter:card\" content=\"summary_large_image\" \/>\n<meta name=\"twitter:label1\" content=\"Tempo di lettura stimato\">\n\t<meta name=\"twitter:data1\" content=\"2 minuti\">\n<script type=\"application\/ld+json\" class=\"yoast-schema-graph\">{\"@context\":\"https:\/\/schema.org\",\"@graph\":[{\"@type\":\"WebSite\",\"@id\":\"https:\/\/ospitalia.org\/index.php\/en\/ospitalia-en\/#website\",\"url\":\"https:\/\/ospitalia.org\/index.php\/en\/ospitalia-en\/\",\"name\":\"Ospitalia\",\"description\":\"\",\"potentialAction\":[{\"@type\":\"SearchAction\",\"target\":\"https:\/\/ospitalia.org\/index.php\/en\/ospitalia-en\/?s={search_term_string}\",\"query-input\":\"required name=search_term_string\"}],\"inLanguage\":\"it-IT\"},{\"@type\":\"ImageObject\",\"@id\":\"https:\/\/ospitalia.org\/index.php\/2018\/04\/20\/ospitalia-incontra-sanremo-quando-lospitalita-e-il-filo-conduttore-delle-eccellenze-italiane\/#primaryimage\",\"inLanguage\":\"it-IT\",\"url\":\"https:\/\/ospitalia.org\/wp-content\/uploads\/2018\/04\/images.jpg\",\"width\":256,\"height\":197},{\"@type\":\"WebPage\",\"@id\":\"https:\/\/ospitalia.org\/index.php\/2018\/04\/20\/ospitalia-incontra-sanremo-quando-lospitalita-e-il-filo-conduttore-delle-eccellenze-italiane\/#webpage\",\"url\":\"https:\/\/ospitalia.org\/index.php\/2018\/04\/20\/ospitalia-incontra-sanremo-quando-lospitalita-e-il-filo-conduttore-delle-eccellenze-italiane\/\",\"name\":\"Ospitalia incontra Sanremo: quando l\\u2019ospitalit\\u00e0 \\u00e8 il filo conduttore delle eccellenze italiane - Ospitalia\",\"isPartOf\":{\"@id\":\"https:\/\/ospitalia.org\/index.php\/en\/ospitalia-en\/#website\"},\"primaryImageOfPage\":{\"@id\":\"https:\/\/ospitalia.org\/index.php\/2018\/04\/20\/ospitalia-incontra-sanremo-quando-lospitalita-e-il-filo-conduttore-delle-eccellenze-italiane\/#primaryimage\"},\"datePublished\":\"2018-04-20T10:27:22+00:00\",\"dateModified\":\"2020-08-31T14:50:56+00:00\",\"author\":{\"@id\":\"https:\/\/ospitalia.org\/index.php\/en\/ospitalia-en\/#\/schema\/person\/2dc2fb164be7045d0c9fdb71ef06c500\"},\"breadcrumb\":{\"@id\":\"https:\/\/ospitalia.org\/index.php\/2018\/04\/20\/ospitalia-incontra-sanremo-quando-lospitalita-e-il-filo-conduttore-delle-eccellenze-italiane\/#breadcrumb\"},\"inLanguage\":\"it-IT\",\"potentialAction\":[{\"@type\":\"ReadAction\",\"target\":[\"https:\/\/ospitalia.org\/index.php\/2018\/04\/20\/ospitalia-incontra-sanremo-quando-lospitalita-e-il-filo-conduttore-delle-eccellenze-italiane\/\"]}]},{\"@type\":\"BreadcrumbList\",\"@id\":\"https:\/\/ospitalia.org\/index.php\/2018\/04\/20\/ospitalia-incontra-sanremo-quando-lospitalita-e-il-filo-conduttore-delle-eccellenze-italiane\/#breadcrumb\",\"itemListElement\":[{\"@type\":\"ListItem\",\"position\":1,\"item\":{\"@type\":\"WebPage\",\"@id\":\"https:\/\/ospitalia.org\/\",\"url\":\"https:\/\/ospitalia.org\/\",\"name\":\"Home\"}},{\"@type\":\"ListItem\",\"position\":2,\"item\":{\"@type\":\"WebPage\",\"@id\":\"https:\/\/ospitalia.org\/index.php\/2018\/04\/20\/ospitalia-incontra-sanremo-quando-lospitalita-e-il-filo-conduttore-delle-eccellenze-italiane\/\",\"url\":\"https:\/\/ospitalia.org\/index.php\/2018\/04\/20\/ospitalia-incontra-sanremo-quando-lospitalita-e-il-filo-conduttore-delle-eccellenze-italiane\/\",\"name\":\"Ospitalia incontra Sanremo: quando l\\u2019ospitalit\\u00e0 \\u00e8 il filo conduttore delle eccellenze italiane\"}}]},{\"@type\":\"Person\",\"@id\":\"https:\/\/ospitalia.org\/index.php\/en\/ospitalia-en\/#\/schema\/person\/2dc2fb164be7045d0c9fdb71ef06c500\",\"name\":\"La redazione di Ospitalia\",\"image\":{\"@type\":\"ImageObject\",\"@id\":\"https:\/\/ospitalia.org\/index.php\/en\/ospitalia-en\/#personlogo\",\"inLanguage\":\"it-IT\",\"url\":\"https:\/\/secure.gravatar.com\/avatar\/1e123b1cf7fa55c3e668348eaa30f747?s=96&d=mm&r=g\",\"caption\":\"La redazione di Ospitalia\"}}]}<\/script>\n<!-- \/ Yoast SEO plugin. -->","_links":{"self":[{"href":"https:\/\/ospitalia.org\/index.php\/wp-json\/wp\/v2\/posts\/3751"}],"collection":[{"href":"https:\/\/ospitalia.org\/index.php\/wp-json\/wp\/v2\/posts"}],"about":[{"href":"https:\/\/ospitalia.org\/index.php\/wp-json\/wp\/v2\/types\/post"}],"author":[{"embeddable":true,"href":"https:\/\/ospitalia.org\/index.php\/wp-json\/wp\/v2\/users\/4"}],"replies":[{"embeddable":true,"href":"https:\/\/ospitalia.org\/index.php\/wp-json\/wp\/v2\/comments?post=3751"}],"version-history":[{"count":1,"href":"https:\/\/ospitalia.org\/index.php\/wp-json\/wp\/v2\/posts\/3751\/revisions"}],"predecessor-version":[{"id":3752,"href":"https:\/\/ospitalia.org\/index.php\/wp-json\/wp\/v2\/posts\/3751\/revisions\/3752"}],"wp:featuredmedia":[{"embeddable":true,"href":"https:\/\/ospitalia.org\/index.php\/wp-json\/wp\/v2\/media\/3754"}],"wp:attachment":[{"href":"https:\/\/ospitalia.org\/index.php\/wp-json\/wp\/v2\/media?parent=3751"}],"wp:term":[{"taxonomy":"category","embeddable":true,"href":"https:\/\/ospitalia.org\/index.php\/wp-json\/wp\/v2\/categories?post=3751"},{"taxonomy":"post_tag","embeddable":true,"href":"https:\/\/ospitalia.org\/index.php\/wp-json\/wp\/v2\/tags?post=3751"}],"curies":[{"name":"wp","href":"https:\/\/api.w.org\/{rel}","templated":true}]}}